{"id":756,"date":"2019-06-12T20:57:04","date_gmt":"2019-06-12T18:57:04","guid":{"rendered":"http:\/\/muehle-schweindorf.holtriem-news.de\/?p=756"},"modified":"2019-06-12T20:57:04","modified_gmt":"2019-06-12T18:57:04","slug":"deutscher-muehlentag-am-pfingstmontag","status":"publish","type":"post","link":"https:\/\/muehle-schweindorf.holtriem-news.de\/?p=756","title":{"rendered":"Deutscher M\u00fchlentag am Pfingstmontag"},"content":{"rendered":"<h4>&#8222;Anzeiger f\u00fcr Harlingerland&#8220; vom 11. Juni 2019<\/h4>\n<h1>M\u00fchlen im Harlingerland sehr gut besucht<\/h1>\n<div id=\"attachment_757\" style=\"width: 350px\" class=\"wp-caption alignleft\"><a href=\"http:\/\/muehle-schweindorf.holtriem-news.de\/wp-content\/uploads\/2019\/06\/a222137674i0003_max1024x.jpg\"><img loading=\"lazy\" decoding=\"async\" aria-describedby=\"caption-attachment-757\" class=\"wp-image-757 size-full\" src=\"http:\/\/muehle-schweindorf.holtriem-news.de\/wp-content\/uploads\/2019\/06\/a222137674i0003_max1024x.jpg\" alt=\"\" width=\"340\" height=\"293\" srcset=\"https:\/\/muehle-schweindorf.holtriem-news.de\/wp-content\/uploads\/2019\/06\/a222137674i0003_max1024x.jpg 340w, https:\/\/muehle-schweindorf.holtriem-news.de\/wp-content\/uploads\/2019\/06\/a222137674i0003_max1024x-300x259.jpg 300w, https:\/\/muehle-schweindorf.holtriem-news.de\/wp-content\/uploads\/2019\/06\/a222137674i0003_max1024x-150x129.jpg 150w\" sizes=\"(max-width: 340px) 100vw, 340px\" \/><\/a><p id=\"caption-attachment-757\" class=\"wp-caption-text\">Manfred de Buhr (l.) und Erhard Pfeifer.BILD: Ina Frerichs<\/p><\/div>\n<p>HARLINGERLAND. (H\u00c4\/IF) Gestern wurde bundesweit der Deutsche M\u00fchlentag gefeiert. Auch im Harlingerland \u00f6ffneten M\u00fchlen- und M\u00fchlenmuseen ihre T\u00fcren, um Interessierten einen Einblick in die M\u00fchlengeschichte und -technik zu gew\u00e4hren. Vielerorts begann das Programm mit einem Gottesdienst, bei denen der Weg des Korns vom Feld zum Mehl im Mittelpunkt stand. Im Anschluss boten die M\u00fchlenvereine einen Einblick in die besonderen Denkm\u00e4ler. In der Herrlichkeit Dornum war erstmals ein neuer Schauwagen zu sehen, darauf eine Vielzahl aller bekannten M\u00fchlentypen vom Erdholl\u00e4nder \u00fcber eine Wasserradm\u00fchle bis hin zur \u00e4ltesten M\u00fchle in der Region, der Bockwindm\u00fchle Dornum.<\/p>\n<hr \/>\n<h1>\u201eWenn sich Fl\u00fcgel und Achsrad drehen\u201c<\/h1>\n<h3>AKTION &#8211; \u201eGl\u00fcck zu\u201c am 26. Deutscher M\u00fchlentag<\/h3>\n<p>HARLINGERLAND. Am Pfingstmontag dreht sich alles um die M\u00fchle. Die Deutsche Gesellschaft f\u00fcr M\u00fchlenkunde und -erhaltung (DGM) lud zum Deutschen M\u00fchlentag ein. Er\u00f6ffnet wurde der in diesem Jahr 26. bundesweite Aktionstag an der Wasserm\u00fchle Otto in Abbenrode im Nordharz.<\/p>\n<p>\u00dcber 900 Wahrzeichen hie\u00dfen bundesweit mit \u201eGl\u00fcck zu\u201c, der Gru\u00dfformel der M\u00fcller, Besucher willkommen. Erhard Pfeifer Senior, Erhard Pfeifer Junior und Manfred de Buhr vom M\u00fchlenverein zogen an der M\u00fchle Klaashen in Schweindorf die Seile f\u00fcr die Segel des stolzen Baudenkmals. \u201eWenn sich die Fl\u00fcgel und das Achsrad ein Mal drehen, dreht sich der Mahlstein acht Mal\u201c, wei\u00df Vorsitzender Holger Rathmann. An der Peldem\u00fchle Wittmund versorgten Gisela Nigg, Marlies Eichenbaum und ehrenamtliche Helfer die Besucher mit frisch gebackenem Brot. Im Gottesdienst wurde den in diesem Jahr verstorbenen Gerd Nigg und Sigurd Meyer gedacht.<\/p>\n<p>M\u00fcllermeister David Reitsema von der Nenndorfer M\u00fchle teilte sein Wissen \u00fcber Mahlg\u00e4nge und Co. Um Reitsema k\u00fcnftig zu unterst\u00fctzen, sind Egon Kunze und Heiko Reinsdorf von den M\u00fchlenfreunden Holtriem derzeit in Ausbildung zum Freiwilligen M\u00fcller.<\/p>\n","protected":false},"excerpt":{"rendered":"<p>&#8222;Anzeiger f\u00fcr Harlingerland&#8220; vom 11. Juni 2019 M\u00fchlen im Harlingerland sehr gut besucht HARLINGERLAND. (H\u00c4\/IF) Gestern wurde bundesweit der Deutsche M\u00fchlentag gefeiert. Auch im Harlingerland \u00f6ffneten M\u00fchlen- und M\u00fchlenmuseen ihre\u2026<\/p>\n<p> <a class=\"continue-reading-link\" href=\"https:\/\/muehle-schweindorf.holtriem-news.de\/?p=756\"><span>Weiterlesen<\/span><i class=\"crycon-right-dir\"><\/i><\/a> <\/p>\n","protected":false},"author":1,"featured_media":757,"comment_status":"closed","ping_status":"open","sticky":false,"template":"","format":"standard","meta":{"footnotes":""},"categories":[2],"tags":[],"_links":{"self":[{"href":"https:\/\/muehle-schweindorf.holtriem-news.de\/index.php?rest_route=\/wp\/v2\/posts\/756"}],"collection":[{"href":"https:\/\/muehle-schweindorf.holtriem-news.de\/index.php?rest_route=\/wp\/v2\/posts"}],"about":[{"href":"https:\/\/muehle-schweindorf.holtriem-news.de\/index.php?rest_route=\/wp\/v2\/types\/post"}],"author":[{"embeddable":true,"href":"https:\/\/muehle-schweindorf.holtriem-news.de\/index.php?rest_route=\/wp\/v2\/users\/1"}],"replies":[{"embeddable":true,"href":"https:\/\/muehle-schweindorf.holtriem-news.de\/index.php?rest_route=%2Fwp%2Fv2%2Fcomments&post=756"}],"version-history":[{"count":1,"href":"https:\/\/muehle-schweindorf.holtriem-news.de\/index.php?rest_route=\/wp\/v2\/posts\/756\/revisions"}],"predecessor-version":[{"id":758,"href":"https:\/\/muehle-schweindorf.holtriem-news.de\/index.php?rest_route=\/wp\/v2\/posts\/756\/revisions\/758"}],"wp:featuredmedia":[{"embeddable":true,"href":"https:\/\/muehle-schweindorf.holtriem-news.de\/index.php?rest_route=\/wp\/v2\/media\/757"}],"wp:attachment":[{"href":"https:\/\/muehle-schweindorf.holtriem-news.de\/index.php?rest_route=%2Fwp%2Fv2%2Fmedia&parent=756"}],"wp:term":[{"taxonomy":"category","embeddable":true,"href":"https:\/\/muehle-schweindorf.holtriem-news.de\/index.php?rest_route=%2Fwp%2Fv2%2Fcategories&post=756"},{"taxonomy":"post_tag","embeddable":true,"href":"https:\/\/muehle-schweindorf.holtriem-news.de\/index.php?rest_route=%2Fwp%2Fv2%2Ftags&post=756"}],"curies":[{"name":"wp","href":"https:\/\/api.w.org\/{rel}","templated":true}]}}