{"id":710,"date":"2018-07-30T08:35:44","date_gmt":"2018-07-30T06:35:44","guid":{"rendered":"http:\/\/muehle-schweindorf.holtriem-news.de\/?p=710"},"modified":"2018-07-30T08:35:44","modified_gmt":"2018-07-30T06:35:44","slug":"renovierung-abgeschlossen-muehlenfest","status":"publish","type":"post","link":"https:\/\/muehle-schweindorf.holtriem-news.de\/?p=710","title":{"rendered":"Renovierung abgeschlossen \u2013 M\u00fchlenfest"},"content":{"rendered":"<h1>Zum M\u00fchlenfest pr\u00e4sentiert sich die M\u00fchle Klaashen in einem frischen Anstrich<\/h1>\n<h3>Renovierung der Galerieholl\u00e4nderwindm\u00fchle abgeschlossen \/ M\u00fchlenfest und Handwerkermarkt am 12. August<\/h3>\n<div id=\"attachment_707\" style=\"width: 310px\" class=\"wp-caption alignleft\"><a href=\"http:\/\/muehle-schweindorf.holtriem-news.de\/wp-content\/uploads\/2018\/07\/DSC01581_Bildgr\u00f6\u00dfe-\u00e4ndern.jpg\"><img loading=\"lazy\" decoding=\"async\" aria-describedby=\"caption-attachment-707\" class=\"wp-image-707 size-medium\" src=\"http:\/\/muehle-schweindorf.holtriem-news.de\/wp-content\/uploads\/2018\/07\/DSC01581_Bildgr\u00f6\u00dfe-\u00e4ndern-300x225.jpg\" alt=\"\" width=\"300\" height=\"225\" srcset=\"https:\/\/muehle-schweindorf.holtriem-news.de\/wp-content\/uploads\/2018\/07\/DSC01581_Bildgr\u00f6\u00dfe-\u00e4ndern-300x225.jpg 300w, https:\/\/muehle-schweindorf.holtriem-news.de\/wp-content\/uploads\/2018\/07\/DSC01581_Bildgr\u00f6\u00dfe-\u00e4ndern-768x576.jpg 768w, https:\/\/muehle-schweindorf.holtriem-news.de\/wp-content\/uploads\/2018\/07\/DSC01581_Bildgr\u00f6\u00dfe-\u00e4ndern-150x113.jpg 150w, https:\/\/muehle-schweindorf.holtriem-news.de\/wp-content\/uploads\/2018\/07\/DSC01581_Bildgr\u00f6\u00dfe-\u00e4ndern.jpg 1000w\" sizes=\"(max-width: 300px) 100vw, 300px\" \/><\/a><p id=\"caption-attachment-707\" class=\"wp-caption-text\">Foto: Holger Rathmann<\/p><\/div>\n<p>SCHWEINDORF \/ JAL \u2013 Vor wenigen Wochen konnten die aktuellen Renovierungsarbeiten an der M\u00fchle Klaashen in Schweindorf mit den Malerarbeiten abgeschlossen werden. Damit konnte ein umfangreiches Renovierungspaket, dass auch die Erneuerung des Gel\u00e4nders der M\u00fchlengalerie im vergangenen Jahr umfasste, abgeschlossen werden. Die Malerarbeiten sollten urspr\u00fcnglich bereits im letzten Jahr durchgef\u00fchrt werden. Allerdings lie\u00dfen die Wetterverh\u00e4ltnisse im Herbst diese Arbeiten nicht zu. Mit dem Abschluss der Arbeiten pr\u00e4sentiert sich die M\u00fchle nun rechtzeitig zum M\u00fchlenfest mit einem frischen Anstrich.<\/p>\n<p>Die Firma Hartmann aus Leer war mit reichlich Farbe und einem Hubwagen anger\u00fcckt, um in luftiger H\u00f6he die Holzteile an der Kappe und auch die Fl\u00fcgel und den Steert mit neuer Farbe zu versehen. Vor den Malerarbeiten mussten die Handwerker den Holzelementen oben an der M\u00fchle zuerst mit einem Hochdruckreiniger zu Leibe r\u00fccken, um Gr\u00fcnspan, Moos und Dreck zu entfernen. Au\u00dferdem waren schadhafte Stellen auszubessern. Die Malerfirma Hartmann kennt sich mit Malerarbeiten in luftigen H\u00f6hen aus, schlie\u00dflich war die Firma auch schon an den M\u00fchlen in Nenndorf und Logabirum t\u00e4tig. Nach Abschluss der Arbeiten erstrahlen Fl\u00fcgel, Steert und Kappe wieder in frischem Wei\u00df und Gr\u00fcn.<\/p>\n<div id=\"attachment_708\" style=\"width: 310px\" class=\"wp-caption alignright\"><a href=\"http:\/\/muehle-schweindorf.holtriem-news.de\/wp-content\/uploads\/2018\/07\/DSC01582_Bildgr\u00f6\u00dfe-\u00e4ndern.jpg\"><img loading=\"lazy\" decoding=\"async\" aria-describedby=\"caption-attachment-708\" class=\"wp-image-708 size-medium\" src=\"http:\/\/muehle-schweindorf.holtriem-news.de\/wp-content\/uploads\/2018\/07\/DSC01582_Bildgr\u00f6\u00dfe-\u00e4ndern-300x225.jpg\" alt=\"\" width=\"300\" height=\"225\" srcset=\"https:\/\/muehle-schweindorf.holtriem-news.de\/wp-content\/uploads\/2018\/07\/DSC01582_Bildgr\u00f6\u00dfe-\u00e4ndern-300x225.jpg 300w, https:\/\/muehle-schweindorf.holtriem-news.de\/wp-content\/uploads\/2018\/07\/DSC01582_Bildgr\u00f6\u00dfe-\u00e4ndern-768x576.jpg 768w, https:\/\/muehle-schweindorf.holtriem-news.de\/wp-content\/uploads\/2018\/07\/DSC01582_Bildgr\u00f6\u00dfe-\u00e4ndern-150x113.jpg 150w, https:\/\/muehle-schweindorf.holtriem-news.de\/wp-content\/uploads\/2018\/07\/DSC01582_Bildgr\u00f6\u00dfe-\u00e4ndern.jpg 1000w\" sizes=\"(max-width: 300px) 100vw, 300px\" \/><\/a><p id=\"caption-attachment-708\" class=\"wp-caption-text\">Foto: Holger Rathmann<\/p><\/div>\n<p>Finanziell wurde der M\u00fchlenverein Schweindorf bei diesem Renovierungspaket, das einen Umfang von fast 17.500,- Euro hatte, durch die Gemeinde Schweindorf, der Samtgemeinde Holtriem, sowie der Sparkassenstiftung Harlingerland unterst\u00fctzt. Au\u00dferdem wurde das Projekt durch die Nieders\u00e4chsische Bingo-Umweltstiftung gef\u00f6rdert.<\/p>\n<p>Mit dem Abschluss der Renovierungsarbeiten kann sich der M\u00fchlenverein Schweindorf nun um das M\u00fchlenfest k\u00fcmmern. Am zweiten Sonntag im August steht wieder das traditionelle M\u00fchlenfest mit einem gro\u00dfen Kunst- und Handwerkermarkt in Schweindorf auf dem Veranstaltungskalender. Das M\u00fchlenfest beginnt an dem Sonntag, 12. August, um 10 Uhr mit einem Gottesdienst \u201eKark up D\u00f6rp\u201c. Lektorin Herta Daniels wird die Andacht halten. Der Kirchenchor Ochtersum wird den Gottesdienst mitgestalten. Am Nachmittag tritt die Schlagers\u00e4ngerin Simone H\u00f6fker an der Klaashenschen M\u00fchle auf und wird ihr Publikum mit einem Querschnitt aus ihrem musikalischen Repertoire unterhalten. Im Packhaus serviert der M\u00fchlenverein Tee, Kaffee und Kuchen vom gro\u00dfen Kuchenbuffet. Au\u00dferdem gibt es M\u00fchlenf\u00fchrungen und eine Bilderschau. Auf dem gro\u00dfen Kunst- und Handwerkermarkt pr\u00e4sentieren rund zwanzig Aussteller ihre Kunstwerke und ihre alten Handwerkstechniken unter anderem in Textil, Holz, Glas und Metall. F\u00fcr die jungen M\u00fchlenfestbesucher wird eine H\u00fcpfburg aufgebaut und es gibt Ponyreiten, Kinderschminken und ein Gl\u00fccksrad. F\u00fcr das leibliche Wohl wird am Grill und in der Getr\u00e4nkebude ausreichend gesorgt sein.<\/p>\n","protected":false},"excerpt":{"rendered":"<p>Zum M\u00fchlenfest pr\u00e4sentiert sich die M\u00fchle Klaashen in einem frischen Anstrich Renovierung der Galerieholl\u00e4nderwindm\u00fchle abgeschlossen \/ M\u00fchlenfest und Handwerkermarkt am 12. August SCHWEINDORF \/ JAL \u2013 Vor wenigen Wochen konnten\u2026<\/p>\n<p> <a class=\"continue-reading-link\" href=\"https:\/\/muehle-schweindorf.holtriem-news.de\/?p=710\"><span>Weiterlesen<\/span><i class=\"crycon-right-dir\"><\/i><\/a> <\/p>\n","protected":false},"author":1,"featured_media":0,"comment_status":"closed","ping_status":"open","sticky":false,"template":"","format":"standard","meta":{"footnotes":""},"categories":[1],"tags":[],"_links":{"self":[{"href":"https:\/\/muehle-schweindorf.holtriem-news.de\/index.php?rest_route=\/wp\/v2\/posts\/710"}],"collection":[{"href":"https:\/\/muehle-schweindorf.holtriem-news.de\/index.php?rest_route=\/wp\/v2\/posts"}],"about":[{"href":"https:\/\/muehle-schweindorf.holtriem-news.de\/index.php?rest_route=\/wp\/v2\/types\/post"}],"author":[{"embeddable":true,"href":"https:\/\/muehle-schweindorf.holtriem-news.de\/index.php?rest_route=\/wp\/v2\/users\/1"}],"replies":[{"embeddable":true,"href":"https:\/\/muehle-schweindorf.holtriem-news.de\/index.php?rest_route=%2Fwp%2Fv2%2Fcomments&post=710"}],"version-history":[{"count":1,"href":"https:\/\/muehle-schweindorf.holtriem-news.de\/index.php?rest_route=\/wp\/v2\/posts\/710\/revisions"}],"predecessor-version":[{"id":711,"href":"https:\/\/muehle-schweindorf.holtriem-news.de\/index.php?rest_route=\/wp\/v2\/posts\/710\/revisions\/711"}],"wp:attachment":[{"href":"https:\/\/muehle-schweindorf.holtriem-news.de\/index.php?rest_route=%2Fwp%2Fv2%2Fmedia&parent=710"}],"wp:term":[{"taxonomy":"category","embeddable":true,"href":"https:\/\/muehle-schweindorf.holtriem-news.de\/index.php?rest_route=%2Fwp%2Fv2%2Fcategories&post=710"},{"taxonomy":"post_tag","embeddable":true,"href":"https:\/\/muehle-schweindorf.holtriem-news.de\/index.php?rest_route=%2Fwp%2Fv2%2Ftags&post=710"}],"curies":[{"name":"wp","href":"https:\/\/api.w.org\/{rel}","templated":true}]}}