{"id":548,"date":"2015-05-12T00:00:38","date_gmt":"2015-05-11T22:00:38","guid":{"rendered":"http:\/\/muehle-schweindorf.holtriem-news.de\/?p=548"},"modified":"2015-05-17T14:33:04","modified_gmt":"2015-05-17T12:33:04","slug":"muehle-ziert-auch-das-holtriemer-wappen","status":"publish","type":"post","link":"https:\/\/muehle-schweindorf.holtriem-news.de\/?p=548","title":{"rendered":"M\u00fchle ziert auch das Holtriemer Wappen"},"content":{"rendered":"<h5>Der &#8222;Anzeiger f\u00fcr Harlingerland berichtet am 12. Mai 2015:<\/h5>\n<h3><strong>AUSSTELLUNG<\/strong> M\u00fchlenexponate noch f\u00fcr vier Wochen in der Sparkasse Westerholt zu sehen<\/h3>\n<p>165. M\u00fchlengeburtstag\u00a0 wird Pfingstmontag am\u00a0 deutschen M\u00fchlentag\u00a0 mit Programm gefeiert.<\/p>\n<p>VON ANNA GRAALFS<\/p>\n<div id=\"attachment_549\" style=\"width: 160px\" class=\"wp-caption alignleft\"><a href=\"http:\/\/muehle-schweindorf.holtriem-news.de\/wp-content\/uploads\/2015\/05\/DORNUM-HOLTRIEM_085cc3e7-5eae-46b2-9a2b-ea2401785594.jpg\"><img loading=\"lazy\" decoding=\"async\" aria-describedby=\"caption-attachment-549\" class=\"size-thumbnail wp-image-549\" src=\"http:\/\/muehle-schweindorf.holtriem-news.de\/wp-content\/uploads\/2015\/05\/DORNUM-HOLTRIEM_085cc3e7-5eae-46b2-9a2b-ea2401785594-150x150.jpg\" alt=\"R\u00fcdiger Hessling (Mitte) zeigt den interessierten M\u00fchlenfreunden seine ersteigerten Exponate. BILD: ANNA GRAALFS\" width=\"150\" height=\"150\" srcset=\"https:\/\/muehle-schweindorf.holtriem-news.de\/wp-content\/uploads\/2015\/05\/DORNUM-HOLTRIEM_085cc3e7-5eae-46b2-9a2b-ea2401785594-150x150.jpg 150w, https:\/\/muehle-schweindorf.holtriem-news.de\/wp-content\/uploads\/2015\/05\/DORNUM-HOLTRIEM_085cc3e7-5eae-46b2-9a2b-ea2401785594-200x200.jpg 200w\" sizes=\"(max-width: 150px) 100vw, 150px\" \/><\/a><p id=\"caption-attachment-549\" class=\"wp-caption-text\">R\u00fcdiger Hessling (Mitte) zeigt den interessierten M\u00fchlenfreunden<br \/>seine ersteigerten Exponate. BILD: ANNA GRAALFS<\/p><\/div>\n<div id=\"attachment_551\" style=\"width: 160px\" class=\"wp-caption alignright\"><a href=\"http:\/\/muehle-schweindorf.holtriem-news.de\/wp-content\/uploads\/2015\/05\/DORNUM-HOLTRIEM_e9b5d420-9612-4762-964b-4b71e0a159e8.jpg\"><img loading=\"lazy\" decoding=\"async\" aria-describedby=\"caption-attachment-551\" class=\"size-thumbnail wp-image-551\" src=\"http:\/\/muehle-schweindorf.holtriem-news.de\/wp-content\/uploads\/2015\/05\/DORNUM-HOLTRIEM_e9b5d420-9612-4762-964b-4b71e0a159e8-150x150.jpg\" alt=\"Er\u00f6ffneten die Ausstellung in der Sparkassenfiliale (v. l.): Detlef Oetter, Gerhard Dirks und R\u00fcdiger He\u00dfling., BILD: ANNA GRAALFS\" width=\"150\" height=\"150\" \/><\/a><p id=\"caption-attachment-551\" class=\"wp-caption-text\">Er\u00f6ffneten die Ausstellung in der Sparkassenfiliale (v. l.):<br \/>Detlef Oetter, Gerhard Dirks und R\u00fcdiger He\u00dfling., BILD: ANNA GRAALFS<\/p><\/div>\n<p style=\"text-align: justify;\"><strong>WESTERHOLT<\/strong> \u2013 Vor 165 Jahren\u00a0 wurde die Nenndorfer<\/p>\n<p style=\"text-align: justify;\">Kappenwindm\u00fchle\u00a0 gebaut und\u00a0 erstmalig in Betrieb genommen.\u00a0 Aus diesem Anlass hat\u00a0 die \u201eVereinigung zur Erhaltung\u00a0 von Wind- und Wasserm\u00fchlen\u00a0 in Niedersachsen und\u00a0 Bremen\u201c in Kooperation mit\u00a0 den M\u00fchlenfreunden Holtriem\u00a0 und dem M\u00fchlenverein\u00a0 Schweindorf eine kleine M\u00fchlenausstellung\u00a0 in der Sparkasse\u00a0 Westerholt zusammengetragen.<br \/>\n\u201eRegionale M\u00fchlen m\u00fcssen\u00a0 prim\u00e4r ausgestellt werden, sie\u00a0 haben einen Identifikationswert\u00a0 f\u00fcr die Besucher. Die\u00a0 M\u00fchlenvereinigung erg\u00e4nzt\u00a0 mit ihren Exponaten\u201c, erkl\u00e4rte\u00a0 R\u00fcdiger He\u00dfling, Vorsitzender\u00a0 der M\u00fchlenvereinigung Niedersachsen-\u00a0 Bremen. Auch die\u00a0 Samtgemeinde Holtriem ist\u00a0 Mitglied in der Vereinigung,\u00a0 ebenso wie die M\u00fchlenvereine\u00a0 aus Nenndorf und Schweindorf,\u00a0 die dort auch personell\u00a0 aktiv sind. Erich B\u00f6hm ist\u00a0 nicht nur Schriftf\u00fchrer der\u00a0 M\u00fchlenfreunde Holtriem,\u00a0 sondern auch Vorstandsmitglied\u00a0 in der Vereinigung. \u201eEr\u00a0 kam mit der Idee zur Ausstellung\u00a0 auf mich zu\u201c, so He\u00dfling.<\/p>\n<p style=\"text-align: justify;\">Neben Samtgemeindeb\u00fcrgermeister\u00a0 Gerhard Dirks kamen\u00a0 auch Rita de Vries-Wiemken,\u00a0 B\u00fcrgermeisterin von\u00a0 Westerholt, Egon Kunze, B\u00fcrgermeister\u00a0 von Eversmeer und\u00a0 stellvertretender Vorsitzender\u00a0 der M\u00fchlenfreunde Holtriem\u00a0 sowie Maria Schuster, Vorsitzende\u00a0 der M\u00fchlenfreunde\u00a0 Holtriem und ehemalige B\u00fcrgermeisterin\u00a0 der Gemeinde\u00a0 Nenndorf, zu der Er\u00f6ffnungsfeier.\u00a0 Ihr Erscheinen zeige den\u00a0 Stellenwert, den die Samtgemeinde\u00a0 und ihre Mitgliedsgemeinden\u00a0 der Ausstellung zollen,\u00a0 so Dirks. \u201eSchlie\u00dflich\u00a0 nimmt eine M\u00fchle auch gut\u00a0 ein Viertel des Holtriemer\u00a0 Wappens ein.\u201c Daran erinnern\u00a0 sich sogar die meisten Kinder,\u00a0 wenn man sie fragt, erz\u00e4hlt\u00a0 der Samtgemeindeb\u00fcrgermeister\u00a0 und verweist auf die\u00a0 Besuche von Kindergartengruppen\u00a0 und Schulklassen in\u00a0 den M\u00fchlen. \u201eDie Kinder nehmen\u00a0 die M\u00fchle ganz anders\u00a0 wahr.\u201c<\/p>\n<div id=\"attachment_552\" style=\"width: 160px\" class=\"wp-caption alignleft\"><a href=\"http:\/\/muehle-schweindorf.holtriem-news.de\/wp-content\/uploads\/2015\/05\/DORNUM-HOLTRIEM_f6a2f9b0-b096-4e9d-8b6f-d50792136d49.jpg\"><img loading=\"lazy\" decoding=\"async\" aria-describedby=\"caption-attachment-552\" class=\"size-thumbnail wp-image-552\" src=\"http:\/\/muehle-schweindorf.holtriem-news.de\/wp-content\/uploads\/2015\/05\/DORNUM-HOLTRIEM_f6a2f9b0-b096-4e9d-8b6f-d50792136d49-150x150.jpg\" alt=\"Interessierte M\u00fchlenfreunde kamen zur Er\u00f6ffnungsfeier und warfen einen ersten Blick auf die M\u00fchlenexponate. BILD: ANNA GRAALFS\" width=\"150\" height=\"150\" \/><\/a><p id=\"caption-attachment-552\" class=\"wp-caption-text\">Interessierte M\u00fchlenfreunde kamen zur Er\u00f6ffnungsfeier und<br \/>warfen einen ersten Blick auf die M\u00fchlenexponate. BILD: ANNA GRAALFS<\/p><\/div>\n<div id=\"attachment_550\" style=\"width: 160px\" class=\"wp-caption alignright\"><a href=\"http:\/\/muehle-schweindorf.holtriem-news.de\/wp-content\/uploads\/2015\/05\/DORNUM-HOLTRIEM_09981d58-326f-4c14-9b75-c83efec78a21.jpg\"><img loading=\"lazy\" decoding=\"async\" aria-describedby=\"caption-attachment-550\" class=\"size-thumbnail wp-image-550\" src=\"http:\/\/muehle-schweindorf.holtriem-news.de\/wp-content\/uploads\/2015\/05\/DORNUM-HOLTRIEM_09981d58-326f-4c14-9b75-c83efec78a21-150x150.jpg\" alt=\"Die Nenndorfer Kappenm\u00fchle ist auf der M\u00fchlenausstellung in Westerholt im Kleinformat zu sehen. BILD: ANNA GRAALFS\" width=\"150\" height=\"150\" srcset=\"https:\/\/muehle-schweindorf.holtriem-news.de\/wp-content\/uploads\/2015\/05\/DORNUM-HOLTRIEM_09981d58-326f-4c14-9b75-c83efec78a21-150x150.jpg 150w, https:\/\/muehle-schweindorf.holtriem-news.de\/wp-content\/uploads\/2015\/05\/DORNUM-HOLTRIEM_09981d58-326f-4c14-9b75-c83efec78a21-200x200.jpg 200w\" sizes=\"(max-width: 150px) 100vw, 150px\" \/><\/a><p id=\"caption-attachment-550\" class=\"wp-caption-text\">Die Nenndorfer Kappenm\u00fchle ist auf der M\u00fchlenausstellung<br \/>in Westerholt im Kleinformat zu sehen. BILD: ANNA GRAALFS<\/p><\/div>\n<p style=\"text-align: justify;\">\u201eIn Nenndorf und Schweindorf\u00a0 kann man noch sehen,\u00a0 was in einer M\u00fchle passiert,\u00a0 denn heute sind nur noch wenige\u00a0 in Betrieb\u201c, wei\u00df auch\u00a0 Detlef Oetter, stellvertretender\u00a0 Vorstandsvorsitzender der\u00a0 Sparkasse LeerWittmund, der\u00a0 selbst im Vorstand des M\u00fchlenvereins\u00a0 Logabirum aktiv ist.\u00a0 \u201eDie Erhaltung solcher M\u00fchlen\u00a0 ist ein gro\u00dfer Aufwand und\u00a0 es ist schwer Nachwuchs-M\u00fcller\u00a0 zu bekommen\u201c, so Oetter.\u00a0 Auch er selbst habe die M\u00fcllerpr\u00fcfung\u00a0 noch nicht abgelegt.\u00a0 Gerade wegen der zeitintensiven\u00a0 Arbeit gehe ein gro\u00dfer\u00a0 Dank an die M\u00fcller, Vereinsmitglieder\u00a0 und ehrenamtlichen\u00a0 Helfer, die dazu beitragen,\u00a0 solche Kulturg\u00fcter zu erhalten,\u00a0 betonte Gerhard Dirks.<br \/>\nDie Ausstellung ist noch f\u00fcr\u00a0 vier Wochen in der Sparkasse\u00a0 Westerholt w\u00e4hrend der \u00d6ffnungszeiten\u00a0 zu sehen. Um\u00a0 den 165. Nenndorfer M\u00fchlengeburtstag\u00a0 geb\u00fchrend zu feiern,\u00a0 laden die M\u00fchlenfreunde\u00a0 Holtriem am Pfingstmontag,\u00a0 25. Mai, zum deutschen M\u00fchlentag\u00a0 mit buntem Programm\u00a0 ein.<\/p>\n<p>&nbsp;<\/p>\n","protected":false},"excerpt":{"rendered":"<p>Der &#8222;Anzeiger f\u00fcr Harlingerland berichtet am 12. Mai 2015: AUSSTELLUNG M\u00fchlenexponate noch f\u00fcr vier Wochen in der Sparkasse Westerholt zu sehen 165. M\u00fchlengeburtstag\u00a0 wird Pfingstmontag am\u00a0 deutschen M\u00fchlentag\u00a0 mit Programm\u2026<\/p>\n<p> <a class=\"continue-reading-link\" href=\"https:\/\/muehle-schweindorf.holtriem-news.de\/?p=548\"><span>Weiterlesen<\/span><i class=\"crycon-right-dir\"><\/i><\/a> <\/p>\n","protected":false},"author":1,"featured_media":549,"comment_status":"closed","ping_status":"open","sticky":false,"template":"","format":"standard","meta":{"footnotes":""},"categories":[2],"tags":[],"_links":{"self":[{"href":"https:\/\/muehle-schweindorf.holtriem-news.de\/index.php?rest_route=\/wp\/v2\/posts\/548"}],"collection":[{"href":"https:\/\/muehle-schweindorf.holtriem-news.de\/index.php?rest_route=\/wp\/v2\/posts"}],"about":[{"href":"https:\/\/muehle-schweindorf.holtriem-news.de\/index.php?rest_route=\/wp\/v2\/types\/post"}],"author":[{"embeddable":true,"href":"https:\/\/muehle-schweindorf.holtriem-news.de\/index.php?rest_route=\/wp\/v2\/users\/1"}],"replies":[{"embeddable":true,"href":"https:\/\/muehle-schweindorf.holtriem-news.de\/index.php?rest_route=%2Fwp%2Fv2%2Fcomments&post=548"}],"version-history":[{"count":3,"href":"https:\/\/muehle-schweindorf.holtriem-news.de\/index.php?rest_route=\/wp\/v2\/posts\/548\/revisions"}],"predecessor-version":[{"id":557,"href":"https:\/\/muehle-schweindorf.holtriem-news.de\/index.php?rest_route=\/wp\/v2\/posts\/548\/revisions\/557"}],"wp:featuredmedia":[{"embeddable":true,"href":"https:\/\/muehle-schweindorf.holtriem-news.de\/index.php?rest_route=\/wp\/v2\/media\/549"}],"wp:attachment":[{"href":"https:\/\/muehle-schweindorf.holtriem-news.de\/index.php?rest_route=%2Fwp%2Fv2%2Fmedia&parent=548"}],"wp:term":[{"taxonomy":"category","embeddable":true,"href":"https:\/\/muehle-schweindorf.holtriem-news.de\/index.php?rest_route=%2Fwp%2Fv2%2Fcategories&post=548"},{"taxonomy":"post_tag","embeddable":true,"href":"https:\/\/muehle-schweindorf.holtriem-news.de\/index.php?rest_route=%2Fwp%2Fv2%2Ftags&post=548"}],"curies":[{"name":"wp","href":"https:\/\/api.w.org\/{rel}","templated":true}]}}