{"id":541,"date":"2015-05-08T14:40:53","date_gmt":"2015-05-08T12:40:53","guid":{"rendered":"http:\/\/muehle-schweindorf.holtriem-news.de\/?p=541"},"modified":"2015-05-08T14:40:53","modified_gmt":"2015-05-08T12:40:53","slug":"reise-in-eine-historische-muehlenepoche","status":"publish","type":"post","link":"https:\/\/muehle-schweindorf.holtriem-news.de\/?p=541","title":{"rendered":"Reise in eine historische M\u00fchlenepoche"},"content":{"rendered":"<h5><span style=\"text-decoration: underline;\">Der &#8222;Anzeiger f\u00fcr Harlingerland&#8220; berichtet am 08. Mai 2015<\/span><\/h5>\n<h3>Die M\u00fchlenvereinigung Niedersachsen-Bremen stellt in Kooperation mit den M\u00fchlenfreunden Holtriem und dem M\u00fchlenverein Schweindorf aus.<\/h3>\n<div id=\"attachment_542\" style=\"width: 160px\" class=\"wp-caption alignleft\"><a href=\"http:\/\/muehle-schweindorf.holtriem-news.de\/wp-content\/uploads\/2015\/05\/M\u00fchle-Nenndorf.jpg\"><img loading=\"lazy\" decoding=\"async\" aria-describedby=\"caption-attachment-542\" class=\"size-thumbnail wp-image-542\" src=\"http:\/\/muehle-schweindorf.holtriem-news.de\/wp-content\/uploads\/2015\/05\/M\u00fchle-Nenndorf-150x150.jpg\" alt=\"Foto: ost-friesland-bild.de \/ Joachim Albers\" width=\"150\" height=\"150\" srcset=\"https:\/\/muehle-schweindorf.holtriem-news.de\/wp-content\/uploads\/2015\/05\/M\u00fchle-Nenndorf-150x150.jpg 150w, https:\/\/muehle-schweindorf.holtriem-news.de\/wp-content\/uploads\/2015\/05\/M\u00fchle-Nenndorf-200x200.jpg 200w\" sizes=\"(max-width: 150px) 100vw, 150px\" \/><\/a><p id=\"caption-attachment-542\" class=\"wp-caption-text\">Foto: ost-friesland-bild.de \/ Joachim Albers<\/p><\/div>\n<p>WESTERHOLT\/AH \u2013 Die Nenndorfer Kappenwindm\u00fchle wurde 1850 gebaut und ist somit vor 165 Jahren zum ersten Mal in Betrieb genommen worden. Dieses langj\u00e4hrige Bestehen der M\u00fchle wollen die M\u00fchlenfreunde Holtriem auf besondere Weise w\u00fcrdigen. H\u00f6hepunkt wird das M\u00fchlenfest am Pfingstmontag,25. Mai, sein.<br \/>\nAus Anlass des 165-j\u00e4hrigen Geburtstags der Nenndorfer M\u00fchle wird die \u201eVereinigung zur Erhaltung von Wind- und Wasserm\u00fchlen in Niedersachsen und Bremen\u201c in Kooperation mit den M\u00fchlenfreunden Holtriem und dem M\u00fchlenverein Schweindorf in den R\u00e4umen der Sparkasse Westerholt eine Ausstellung verschiedener Exponate ihres umfangreichen Archivbestandes pr\u00e4sentieren. Es werden neben zahlreichen Bildern auch Abbildungen von M\u00fchlen auf M\u00fcnzen, Medaillen, Briefmarken, Geldscheinen, Aktien und Lebensmittelmarken pr\u00e4sentiert.<br \/>\nAuch die M\u00fchlenfreunde Holtriem und der M\u00fchlenverein Schweindorf stellen ihre eigenen Bilder und Informationen zur Geschichte ihrer beiden M\u00fchlen aus. Ihre Schautafeln sowie ein Modell der Nenndorfer M\u00fchle erg\u00e4nzen die Exponate der M\u00fchlenvereinigung Niedersachsen-Bremen.<br \/>\nViele Windm\u00fchlen haben einst die Landschaft Ostfrieslands ma\u00dfgeblich gepr\u00e4gt. Erhaltene Windm\u00fchlen \u2013 oft nur noch als museale Baudenkmale gesehen \u2013 bleiben Hingucker. So wird diese Ausstellung in der Sparkasse Westerholt nicht nur eine interessante Zeitreise in eine reiche M\u00fchlenepoche bieten, sondern gibt vor allem Gelegenheit zur Besinnung auf vergangene Tage und wirtschaftlich schwierige Zeiten.<br \/>\nDie Er\u00f6ffnung der Ausstellung ist am Montag, 11. Mai, um 12.30 Uhr, in der Sparkasse Westerholt, Dornumer Stra\u00dfe. Der stellvertretende Vorstandsvorsitzende der Sparkasse LeerWittmund, Detlef Oetter, wird die Ausstellungoffiziell er\u00f6ffnen. R\u00fcdiger He\u00dfling, Vorsitzender der M\u00fchlenvereinigung Niedersachsen-Bremen, wird zudem \u00fcber die ausgestellten Exponate und die bewegte Geschichte der M\u00fchlen informieren.<br \/>\nDie Ausstellung ist dann ab Dienstag, 12. Mai, f\u00fcr die Dauer von vier Wochen in der Kundenhalle der Sparkasse Westerholt w\u00e4hrend der \u00d6ffnungszeiten zu sehen. Die Sparkasse Westerholt hat montags, dienstags und freitags von 8.30 bis 12.30 Uhr und nachmittags von 14 bis17 Uhr sowie mittwochs von 8.30 bis 12.30 Uhr und donnerstags von 8.30 bis 12.30Uhr sowie nachmittags von 14 bis 18 Uhr ge\u00f6ffnet.<\/p>\n<p>&nbsp;<\/p>\n","protected":false},"excerpt":{"rendered":"<p>Der &#8222;Anzeiger f\u00fcr Harlingerland&#8220; berichtet am 08. Mai 2015 Die M\u00fchlenvereinigung Niedersachsen-Bremen stellt in Kooperation mit den M\u00fchlenfreunden Holtriem und dem M\u00fchlenverein Schweindorf aus. WESTERHOLT\/AH \u2013 Die Nenndorfer Kappenwindm\u00fchle wurde\u2026<\/p>\n<p> <a class=\"continue-reading-link\" href=\"https:\/\/muehle-schweindorf.holtriem-news.de\/?p=541\"><span>Weiterlesen<\/span><i class=\"crycon-right-dir\"><\/i><\/a> <\/p>\n","protected":false},"author":1,"featured_media":0,"comment_status":"closed","ping_status":"open","sticky":false,"template":"","format":"standard","meta":{"footnotes":""},"categories":[1],"tags":[],"_links":{"self":[{"href":"https:\/\/muehle-schweindorf.holtriem-news.de\/index.php?rest_route=\/wp\/v2\/posts\/541"}],"collection":[{"href":"https:\/\/muehle-schweindorf.holtriem-news.de\/index.php?rest_route=\/wp\/v2\/posts"}],"about":[{"href":"https:\/\/muehle-schweindorf.holtriem-news.de\/index.php?rest_route=\/wp\/v2\/types\/post"}],"author":[{"embeddable":true,"href":"https:\/\/muehle-schweindorf.holtriem-news.de\/index.php?rest_route=\/wp\/v2\/users\/1"}],"replies":[{"embeddable":true,"href":"https:\/\/muehle-schweindorf.holtriem-news.de\/index.php?rest_route=%2Fwp%2Fv2%2Fcomments&post=541"}],"version-history":[{"count":1,"href":"https:\/\/muehle-schweindorf.holtriem-news.de\/index.php?rest_route=\/wp\/v2\/posts\/541\/revisions"}],"predecessor-version":[{"id":543,"href":"https:\/\/muehle-schweindorf.holtriem-news.de\/index.php?rest_route=\/wp\/v2\/posts\/541\/revisions\/543"}],"wp:attachment":[{"href":"https:\/\/muehle-schweindorf.holtriem-news.de\/index.php?rest_route=%2Fwp%2Fv2%2Fmedia&parent=541"}],"wp:term":[{"taxonomy":"category","embeddable":true,"href":"https:\/\/muehle-schweindorf.holtriem-news.de\/index.php?rest_route=%2Fwp%2Fv2%2Fcategories&post=541"},{"taxonomy":"post_tag","embeddable":true,"href":"https:\/\/muehle-schweindorf.holtriem-news.de\/index.php?rest_route=%2Fwp%2Fv2%2Ftags&post=541"}],"curies":[{"name":"wp","href":"https:\/\/api.w.org\/{rel}","templated":true}]}}